{"id":138485,"date":"2025-11-03T10:03:20","date_gmt":"2025-11-03T09:03:20","guid":{"rendered":"https:\/\/www.oros.com\/?p=138485"},"modified":"2025-11-03T10:11:55","modified_gmt":"2025-11-03T09:11:55","slug":"celebration-du-40e-anniversaire-de-digigram-oros-grenoble-la-bastille","status":"publish","type":"post","link":"https:\/\/www.oros.com\/fr\/celebration-du-40e-anniversaire-de-digigram-oros-grenoble-la-bastille\/","title":{"rendered":"C\u00e9l\u00e9bration du 40e anniversaire de Digigram &#038; OROS : Grenoble La Bastille"},"content":{"rendered":"<p>\u2728 40e anniversaire, quelle aventure !<\/p>\n<p>&nbsp;<\/p>\n<p>Retour sur les c\u00e9l\u00e9brations estivales du 40e anniversaire de Digigram et OROS. Parce que nous ne nous lassons jamais de regarder ces belles images, elles nous font sourire, elles nous rappellent l&rsquo;ambiance joyeuse unique qui r\u00e8gne au sommet de La Bastille, elles alimentent notre motivation \u00e0 poursuivre cette incroyable aventure dans le domaine de l&rsquo;audio, des vibrations et de l&rsquo;acoustique, elles c\u00e9l\u00e8brent notre environnement grenoblois \u00e0 couper le souffle, elles t\u00e9moignent de 40 ans de r\u00e9alisations, de succ\u00e8s et de raisons d&rsquo;\u00eatre fiers .<\/p>\n<p>&nbsp;<\/p>\n<p>Elles illustrent aussi de mani\u00e8re vivante les liens \u00e9troits que nous avons tiss\u00e9s avec nos partenaires.<\/p>\n<p>Thomas Groc \ud83c\udfa5 \ud83d\udc4d de <a href=\"https:\/\/cinedia.fr\" target=\"_blank\" rel=\"noopener\">Cinedia<\/a> a captur\u00e9 ces images et ces moments, et nous lui sommes reconnaissants pour son \u0153il vif et pr\u00e9cis.<\/p>\n","protected":false},"excerpt":{"rendered":"<p>\u2728 40e anniversaire, quelle aventure ! &nbsp; Retour sur les c\u00e9l\u00e9brations estivales du 40e anniversaire de Digigram et OROS. Parce&#8230; <span class=\"moretag btn btn--right btn--bold\">Lire la suite<\/span><\/p>\n","protected":false},"author":5,"featured_media":138379,"comment_status":"closed","ping_status":"closed","sticky":false,"template":"","format":"standard","meta":{"_acf_changed":false,"inline_featured_image":false,"footnotes":""},"categories":[171],"tags":[],"class_list":["post-138485","post","type-post","status-publish","format-standard","has-post-thumbnail","hentry","category-evenements-fr"],"acf":[],"yoast_head":"<!-- This site is optimized with the Yoast SEO plugin v27.4 - https:\/\/yoast.com\/product\/yoast-seo-wordpress\/ -->\n<title>C\u00e9l\u00e9bration du 40e anniversaire de Digigram &amp; OROS : Grenoble La Bastille - OROS<\/title>\n<meta name=\"robots\" content=\"index, follow, max-snippet:-1, max-image-preview:large, max-video-preview:-1\" \/>\n<link rel=\"canonical\" href=\"https:\/\/www.oros.com\/fr\/celebration-du-40e-anniversaire-de-digigram-oros-grenoble-la-bastille\/\" \/>\n<meta property=\"og:locale\" content=\"fr_FR\" \/>\n<meta property=\"og:type\" content=\"article\" \/>\n<meta property=\"og:title\" content=\"C\u00e9l\u00e9bration du 40e anniversaire de Digigram &amp; OROS : Grenoble La Bastille - OROS\" \/>\n<meta property=\"og:description\" content=\"\u2728 40e anniversaire, quelle aventure ! &nbsp; Retour sur les c\u00e9l\u00e9brations estivales du 40e anniversaire de Digigram et OROS. Parce... Lire la suite\" \/>\n<meta property=\"og:url\" content=\"https:\/\/www.oros.com\/fr\/celebration-du-40e-anniversaire-de-digigram-oros-grenoble-la-bastille\/\" \/>\n<meta property=\"og:site_name\" content=\"OROS\" \/>\n<meta property=\"article:published_time\" content=\"2025-11-03T09:03:20+00:00\" \/>\n<meta property=\"article:modified_time\" content=\"2025-11-03T09:11:55+00:00\" \/>\n<meta property=\"og:image\" content=\"https:\/\/www.oros.com\/wp-content\/uploads\/2025\/10\/minia-40ans.png\" \/>\n\t<meta property=\"og:image:width\" content=\"1281\" \/>\n\t<meta property=\"og:image:height\" content=\"717\" \/>\n\t<meta property=\"og:image:type\" content=\"image\/png\" \/>\n<meta name=\"author\" content=\"Katia\" \/>\n<meta name=\"twitter:card\" content=\"summary_large_image\" \/>\n<meta name=\"twitter:label1\" content=\"\u00c9crit par\" \/>\n\t<meta name=\"twitter:data1\" content=\"Katia\" \/>\n\t<meta name=\"twitter:label2\" content=\"Dur\u00e9e de lecture estim\u00e9e\" \/>\n\t<meta name=\"twitter:data2\" content=\"1 minute\" \/>\n<script type=\"application\/ld+json\" class=\"yoast-schema-graph\">{\"@context\":\"https:\\\/\\\/schema.org\",\"@graph\":[{\"@type\":\"Article\",\"@id\":\"https:\\\/\\\/www.oros.com\\\/fr\\\/celebration-du-40e-anniversaire-de-digigram-oros-grenoble-la-bastille\\\/#article\",\"isPartOf\":{\"@id\":\"https:\\\/\\\/www.oros.com\\\/fr\\\/celebration-du-40e-anniversaire-de-digigram-oros-grenoble-la-bastille\\\/\"},\"author\":{\"name\":\"Katia\",\"@id\":\"https:\\\/\\\/www.oros.com\\\/#\\\/schema\\\/person\\\/a5b03252c79412cd7639fdab51ec3bd4\"},\"headline\":\"C\u00e9l\u00e9bration du 40e anniversaire de Digigram &#038; OROS : Grenoble La Bastille\",\"datePublished\":\"2025-11-03T09:03:20+00:00\",\"dateModified\":\"2025-11-03T09:11:55+00:00\",\"mainEntityOfPage\":{\"@id\":\"https:\\\/\\\/www.oros.com\\\/fr\\\/celebration-du-40e-anniversaire-de-digigram-oros-grenoble-la-bastille\\\/\"},\"wordCount\":148,\"image\":{\"@id\":\"https:\\\/\\\/www.oros.com\\\/fr\\\/celebration-du-40e-anniversaire-de-digigram-oros-grenoble-la-bastille\\\/#primaryimage\"},\"thumbnailUrl\":\"https:\\\/\\\/www.oros.com\\\/wp-content\\\/uploads\\\/2025\\\/10\\\/minia-40ans.png\",\"articleSection\":[\"Ev\u00e8nements\"],\"inLanguage\":\"fr-FR\"},{\"@type\":\"WebPage\",\"@id\":\"https:\\\/\\\/www.oros.com\\\/fr\\\/celebration-du-40e-anniversaire-de-digigram-oros-grenoble-la-bastille\\\/\",\"url\":\"https:\\\/\\\/www.oros.com\\\/fr\\\/celebration-du-40e-anniversaire-de-digigram-oros-grenoble-la-bastille\\\/\",\"name\":\"C\u00e9l\u00e9bration du 40e anniversaire de Digigram & OROS : Grenoble La Bastille - OROS\",\"isPartOf\":{\"@id\":\"https:\\\/\\\/www.oros.com\\\/#website\"},\"primaryImageOfPage\":{\"@id\":\"https:\\\/\\\/www.oros.com\\\/fr\\\/celebration-du-40e-anniversaire-de-digigram-oros-grenoble-la-bastille\\\/#primaryimage\"},\"image\":{\"@id\":\"https:\\\/\\\/www.oros.com\\\/fr\\\/celebration-du-40e-anniversaire-de-digigram-oros-grenoble-la-bastille\\\/#primaryimage\"},\"thumbnailUrl\":\"https:\\\/\\\/www.oros.com\\\/wp-content\\\/uploads\\\/2025\\\/10\\\/minia-40ans.png\",\"datePublished\":\"2025-11-03T09:03:20+00:00\",\"dateModified\":\"2025-11-03T09:11:55+00:00\",\"author\":{\"@id\":\"https:\\\/\\\/www.oros.com\\\/#\\\/schema\\\/person\\\/a5b03252c79412cd7639fdab51ec3bd4\"},\"breadcrumb\":{\"@id\":\"https:\\\/\\\/www.oros.com\\\/fr\\\/celebration-du-40e-anniversaire-de-digigram-oros-grenoble-la-bastille\\\/#breadcrumb\"},\"inLanguage\":\"fr-FR\",\"potentialAction\":[{\"@type\":\"ReadAction\",\"target\":[\"https:\\\/\\\/www.oros.com\\\/fr\\\/celebration-du-40e-anniversaire-de-digigram-oros-grenoble-la-bastille\\\/\"]}]},{\"@type\":\"ImageObject\",\"inLanguage\":\"fr-FR\",\"@id\":\"https:\\\/\\\/www.oros.com\\\/fr\\\/celebration-du-40e-anniversaire-de-digigram-oros-grenoble-la-bastille\\\/#primaryimage\",\"url\":\"https:\\\/\\\/www.oros.com\\\/wp-content\\\/uploads\\\/2025\\\/10\\\/minia-40ans.png\",\"contentUrl\":\"https:\\\/\\\/www.oros.com\\\/wp-content\\\/uploads\\\/2025\\\/10\\\/minia-40ans.png\",\"width\":1281,\"height\":717},{\"@type\":\"BreadcrumbList\",\"@id\":\"https:\\\/\\\/www.oros.com\\\/fr\\\/celebration-du-40e-anniversaire-de-digigram-oros-grenoble-la-bastille\\\/#breadcrumb\",\"itemListElement\":[{\"@type\":\"ListItem\",\"position\":1,\"name\":\"Accueil\",\"item\":\"https:\\\/\\\/www.oros.com\\\/fr\\\/\"},{\"@type\":\"ListItem\",\"position\":2,\"name\":\"C\u00e9l\u00e9bration du 40e anniversaire de Digigram &#038; OROS : Grenoble La Bastille\"}]},{\"@type\":\"WebSite\",\"@id\":\"https:\\\/\\\/www.oros.com\\\/#website\",\"url\":\"https:\\\/\\\/www.oros.com\\\/\",\"name\":\"OROS\",\"description\":\"Measuring noise &amp; vibration\",\"potentialAction\":[{\"@type\":\"SearchAction\",\"target\":{\"@type\":\"EntryPoint\",\"urlTemplate\":\"https:\\\/\\\/www.oros.com\\\/?s={search_term_string}\"},\"query-input\":{\"@type\":\"PropertyValueSpecification\",\"valueRequired\":true,\"valueName\":\"search_term_string\"}}],\"inLanguage\":\"fr-FR\"},{\"@type\":\"Person\",\"@id\":\"https:\\\/\\\/www.oros.com\\\/#\\\/schema\\\/person\\\/a5b03252c79412cd7639fdab51ec3bd4\",\"name\":\"Katia\",\"image\":{\"@type\":\"ImageObject\",\"inLanguage\":\"fr-FR\",\"@id\":\"https:\\\/\\\/secure.gravatar.com\\\/avatar\\\/149db31fb6ccd4e042410afe9a06f3440c6918ef169fcaf5e075de2436af7760?s=96&d=mm&r=g\",\"url\":\"https:\\\/\\\/secure.gravatar.com\\\/avatar\\\/149db31fb6ccd4e042410afe9a06f3440c6918ef169fcaf5e075de2436af7760?s=96&d=mm&r=g\",\"contentUrl\":\"https:\\\/\\\/secure.gravatar.com\\\/avatar\\\/149db31fb6ccd4e042410afe9a06f3440c6918ef169fcaf5e075de2436af7760?s=96&d=mm&r=g\",\"caption\":\"Katia\"},\"url\":\"https:\\\/\\\/www.oros.com\\\/fr\\\/author\\\/katia\\\/\"}]}<\/script>\n<!-- \/ Yoast SEO plugin. -->","yoast_head_json":{"title":"C\u00e9l\u00e9bration du 40e anniversaire de Digigram & OROS : Grenoble La Bastille - OROS","robots":{"index":"index","follow":"follow","max-snippet":"max-snippet:-1","max-image-preview":"max-image-preview:large","max-video-preview":"max-video-preview:-1"},"canonical":"https:\/\/www.oros.com\/fr\/celebration-du-40e-anniversaire-de-digigram-oros-grenoble-la-bastille\/","og_locale":"fr_FR","og_type":"article","og_title":"C\u00e9l\u00e9bration du 40e anniversaire de Digigram & OROS : Grenoble La Bastille - OROS","og_description":"\u2728 40e anniversaire, quelle aventure ! &nbsp; Retour sur les c\u00e9l\u00e9brations estivales du 40e anniversaire de Digigram et OROS. Parce... Lire la suite","og_url":"https:\/\/www.oros.com\/fr\/celebration-du-40e-anniversaire-de-digigram-oros-grenoble-la-bastille\/","og_site_name":"OROS","article_published_time":"2025-11-03T09:03:20+00:00","article_modified_time":"2025-11-03T09:11:55+00:00","og_image":[{"width":1281,"height":717,"url":"https:\/\/www.oros.com\/wp-content\/uploads\/2025\/10\/minia-40ans.png","type":"image\/png"}],"author":"Katia","twitter_card":"summary_large_image","twitter_misc":{"\u00c9crit par":"Katia","Dur\u00e9e de lecture estim\u00e9e":"1 minute"},"schema":{"@context":"https:\/\/schema.org","@graph":[{"@type":"Article","@id":"https:\/\/www.oros.com\/fr\/celebration-du-40e-anniversaire-de-digigram-oros-grenoble-la-bastille\/#article","isPartOf":{"@id":"https:\/\/www.oros.com\/fr\/celebration-du-40e-anniversaire-de-digigram-oros-grenoble-la-bastille\/"},"author":{"name":"Katia","@id":"https:\/\/www.oros.com\/#\/schema\/person\/a5b03252c79412cd7639fdab51ec3bd4"},"headline":"C\u00e9l\u00e9bration du 40e anniversaire de Digigram &#038; OROS : Grenoble La Bastille","datePublished":"2025-11-03T09:03:20+00:00","dateModified":"2025-11-03T09:11:55+00:00","mainEntityOfPage":{"@id":"https:\/\/www.oros.com\/fr\/celebration-du-40e-anniversaire-de-digigram-oros-grenoble-la-bastille\/"},"wordCount":148,"image":{"@id":"https:\/\/www.oros.com\/fr\/celebration-du-40e-anniversaire-de-digigram-oros-grenoble-la-bastille\/#primaryimage"},"thumbnailUrl":"https:\/\/www.oros.com\/wp-content\/uploads\/2025\/10\/minia-40ans.png","articleSection":["Ev\u00e8nements"],"inLanguage":"fr-FR"},{"@type":"WebPage","@id":"https:\/\/www.oros.com\/fr\/celebration-du-40e-anniversaire-de-digigram-oros-grenoble-la-bastille\/","url":"https:\/\/www.oros.com\/fr\/celebration-du-40e-anniversaire-de-digigram-oros-grenoble-la-bastille\/","name":"C\u00e9l\u00e9bration du 40e anniversaire de Digigram & OROS : Grenoble La Bastille - OROS","isPartOf":{"@id":"https:\/\/www.oros.com\/#website"},"primaryImageOfPage":{"@id":"https:\/\/www.oros.com\/fr\/celebration-du-40e-anniversaire-de-digigram-oros-grenoble-la-bastille\/#primaryimage"},"image":{"@id":"https:\/\/www.oros.com\/fr\/celebration-du-40e-anniversaire-de-digigram-oros-grenoble-la-bastille\/#primaryimage"},"thumbnailUrl":"https:\/\/www.oros.com\/wp-content\/uploads\/2025\/10\/minia-40ans.png","datePublished":"2025-11-03T09:03:20+00:00","dateModified":"2025-11-03T09:11:55+00:00","author":{"@id":"https:\/\/www.oros.com\/#\/schema\/person\/a5b03252c79412cd7639fdab51ec3bd4"},"breadcrumb":{"@id":"https:\/\/www.oros.com\/fr\/celebration-du-40e-anniversaire-de-digigram-oros-grenoble-la-bastille\/#breadcrumb"},"inLanguage":"fr-FR","potentialAction":[{"@type":"ReadAction","target":["https:\/\/www.oros.com\/fr\/celebration-du-40e-anniversaire-de-digigram-oros-grenoble-la-bastille\/"]}]},{"@type":"ImageObject","inLanguage":"fr-FR","@id":"https:\/\/www.oros.com\/fr\/celebration-du-40e-anniversaire-de-digigram-oros-grenoble-la-bastille\/#primaryimage","url":"https:\/\/www.oros.com\/wp-content\/uploads\/2025\/10\/minia-40ans.png","contentUrl":"https:\/\/www.oros.com\/wp-content\/uploads\/2025\/10\/minia-40ans.png","width":1281,"height":717},{"@type":"BreadcrumbList","@id":"https:\/\/www.oros.com\/fr\/celebration-du-40e-anniversaire-de-digigram-oros-grenoble-la-bastille\/#breadcrumb","itemListElement":[{"@type":"ListItem","position":1,"name":"Accueil","item":"https:\/\/www.oros.com\/fr\/"},{"@type":"ListItem","position":2,"name":"C\u00e9l\u00e9bration du 40e anniversaire de Digigram &#038; OROS : Grenoble La Bastille"}]},{"@type":"WebSite","@id":"https:\/\/www.oros.com\/#website","url":"https:\/\/www.oros.com\/","name":"OROS","description":"Measuring noise &amp; vibration","potentialAction":[{"@type":"SearchAction","target":{"@type":"EntryPoint","urlTemplate":"https:\/\/www.oros.com\/?s={search_term_string}"},"query-input":{"@type":"PropertyValueSpecification","valueRequired":true,"valueName":"search_term_string"}}],"inLanguage":"fr-FR"},{"@type":"Person","@id":"https:\/\/www.oros.com\/#\/schema\/person\/a5b03252c79412cd7639fdab51ec3bd4","name":"Katia","image":{"@type":"ImageObject","inLanguage":"fr-FR","@id":"https:\/\/secure.gravatar.com\/avatar\/149db31fb6ccd4e042410afe9a06f3440c6918ef169fcaf5e075de2436af7760?s=96&d=mm&r=g","url":"https:\/\/secure.gravatar.com\/avatar\/149db31fb6ccd4e042410afe9a06f3440c6918ef169fcaf5e075de2436af7760?s=96&d=mm&r=g","contentUrl":"https:\/\/secure.gravatar.com\/avatar\/149db31fb6ccd4e042410afe9a06f3440c6918ef169fcaf5e075de2436af7760?s=96&d=mm&r=g","caption":"Katia"},"url":"https:\/\/www.oros.com\/fr\/author\/katia\/"}]}},"_links":{"self":[{"href":"https:\/\/www.oros.com\/fr\/wp-json\/wp\/v2\/posts\/138485","targetHints":{"allow":["GET"]}}],"collection":[{"href":"https:\/\/www.oros.com\/fr\/wp-json\/wp\/v2\/posts"}],"about":[{"href":"https:\/\/www.oros.com\/fr\/wp-json\/wp\/v2\/types\/post"}],"author":[{"embeddable":true,"href":"https:\/\/www.oros.com\/fr\/wp-json\/wp\/v2\/users\/5"}],"replies":[{"embeddable":true,"href":"https:\/\/www.oros.com\/fr\/wp-json\/wp\/v2\/comments?post=138485"}],"version-history":[{"count":9,"href":"https:\/\/www.oros.com\/fr\/wp-json\/wp\/v2\/posts\/138485\/revisions"}],"predecessor-version":[{"id":138494,"href":"https:\/\/www.oros.com\/fr\/wp-json\/wp\/v2\/posts\/138485\/revisions\/138494"}],"wp:featuredmedia":[{"embeddable":true,"href":"https:\/\/www.oros.com\/fr\/wp-json\/wp\/v2\/media\/138379"}],"wp:attachment":[{"href":"https:\/\/www.oros.com\/fr\/wp-json\/wp\/v2\/media?parent=138485"}],"wp:term":[{"taxonomy":"category","embeddable":true,"href":"https:\/\/www.oros.com\/fr\/wp-json\/wp\/v2\/categories?post=138485"},{"taxonomy":"post_tag","embeddable":true,"href":"https:\/\/www.oros.com\/fr\/wp-json\/wp\/v2\/tags?post=138485"}],"curies":[{"name":"wp","href":"https:\/\/api.w.org\/{rel}","templated":true}]}}